{"id":747,"date":"2020-05-15T11:17:38","date_gmt":"2020-05-15T14:17:38","guid":{"rendered":"https:\/\/www.fenix.com.br\/blogs\/?p=747"},"modified":"2021-12-13T14:20:08","modified_gmt":"2021-12-13T17:20:08","slug":"pcasp-procedimento-para-efetuar-se-o-lancamento-das-perdas-com-aplicacoes-financeiras-e-investimos-do-rpps","status":"publish","type":"post","link":"https:\/\/www.fenix.com.br\/blogs\/pcasp-procedimento-para-efetuar-se-o-lancamento-das-perdas-com-aplicacoes-financeiras-e-investimos-do-rpps\/","title":{"rendered":"Lan\u00e7amento de Perdas com Aplica\u00e7\u00f5es Financeiras e Investimos do RPPS e Outros \u00d3rg\u00e3os"},"content":{"rendered":"\n<h4 class=\"wp-block-heading\">Perdas com Aplica\u00e7\u00f5es Financeiras e Investimos dos RPPS e Outros \u00d3rg\u00e3os<\/h4>\n\n\n\n<p><br>Na contabilidade os investimentos e aplica\u00e7\u00f5es financeiras recebem apenas tratamento financeiro, por isso, n\u00e3o constar\u00e3o na proposta Or\u00e7ament\u00e1ria, tratando-se de um registro cont\u00e1bil de troca de ativos financeiros, nos moldes da Resolu\u00e7\u00e3o do Conselho Monet\u00e1rio Nacional e&nbsp;<a href=\"http:\/\/www.previdenciasocial.gov.br\/conteudoDinamico.php?id=1078\">Portaria MPS 916\/2003<\/a>. Portanto s\u00e3o comuns as perdas financeiras decorrentes dessas transa\u00e7\u00f5es do RPPS e Outros \u00d3rg\u00e3os da Administra\u00e7\u00e3o P\u00fablica, surgindo \u00e0 necessidade do registro cont\u00e1bil, sustentado por documentos e extratos comprobat\u00f3rios.<\/p>\n\n\n\n<p>O registro cont\u00e1bil \u00e9 realizado em duas etapas, distintas abaixo:<br><br>1. Registro da constitui\u00e7\u00e3o da provis\u00e3o, no sistema financeiro.<\/p>\n\n\n\n<figure class=\"wp-block-table\"><table><tbody><tr><td>D\u00e9bito<\/td><td>3.6.1.7.1.XX.00.00.00.0000<\/td><td>VARIA\u00c7\u00c3O PATRIMONIAL DIMINUTIVA COM AJUSTE DE PERDAS DE CR\u00c9DITOS E DE INVESTIMENTOS E APLICA\u00c7\u00d5ES TEMPOR\u00c1RIOS- CONSOLIDA\u00c7\u00c3O<\/td><\/tr><tr><td>Cr\u00e9dito<\/td><td>1.1.4.9.1.01.00.00.00.0000<\/td><td>(-)AJUSTE P\/ PERDAS EM T\u00cdTULOS E VALORES MOBILI\u00c1RIOS<\/td><\/tr><\/tbody><\/table><\/figure>\n\n\n\n<p><em>\u00c9 inserido nessa primeira etapa o valor (R$) que corresponde a PERDA, ou seja, respeitando o Principio Cont\u00e1bil da Prud\u00eancia onde os Investimentos e aplica\u00e7\u00f5es est\u00e3o sujeitas ao fato.<\/em><\/p>\n\n\n\n<p>2. Registro da utiliza\u00e7\u00e3o da provis\u00e3o, no sistema financeiro.<\/p>\n\n\n\n<figure class=\"wp-block-table\"><table><tbody><tr><td>D\u00e9bito<\/td><td>1.1.4.9.1.01.00.00.00.0000<\/td><td>(-)AJUSTE P\/ PERDAS EM T\u00cdTULOS E VALORES MOBILI\u00c1RIOS<\/td><\/tr><tr><td>Cr\u00e9dito<\/td><td>1.1.4.1.1.xx.xx.00.00.0000<\/td><td>T\u00cdTULOS E VALORES MOBILI\u00c1RIOS &#8211; CONSOLIDA\u00c7\u00c3O<\/td><\/tr><\/tbody><\/table><\/figure>\n\n\n\n<p><em>Nessa etapa, o valor da provis\u00e3o da etapa 1 \u00e9 amortizado, em contrapartida com a sa\u00edda financeira (cr\u00e9dito) na conta de Aplica\u00e7\u00e3o financeira ou Investimento.<\/em><\/p>\n\n\n\n<br>\n\n\n\n<p class=\"has-vivid-cyan-blue-color has-text-color\"><em>Obs.:&nbsp;Conforme Legisla\u00e7\u00e3o que ampara esse ato cont\u00e1bil, \u00e9 extremamente importante o documento comprobat\u00f3rio que demonstra e sustenta as PERDAS ocorridas nas Aplica\u00e7\u00f5es e Investimentos do RPPS e de outras Entidades P\u00fablicas.<\/em><\/p>\n\n\n\n<br>\n\n\n\n<h4 class=\"wp-block-heading\">Procedimento dentro do aplicativo Contab para se efetuar o lan\u00e7amento destas Perdas<\/h4>\n\n\n\n<br>\n\n\n\n<p>1-Na tela de lan\u00e7amento de Aplica\u00e7\u00f5es, o usu\u00e1rio dever\u00e1 incluir um Novo Registro, onde ser\u00e1 informado o valor da Perda, para tanto, no campo &#8220;<strong><u>Resgate (incluir aqui o Rendimento):&nbsp;<\/u><\/strong>&#8220;, dever\u00e1 ser informado o Valor da Perda. Observar que deve-se marcar o item&nbsp;<strong>lan\u00e7ando Perdas<\/strong>, e a seguir selecionando a conta do PCASP para Perdas.<\/p>\n\n\n\n<p>Feito isto, o aplicativo, automaticamente efetuara a gera\u00e7\u00e3o dos movimentos necess\u00e1rios para a contabiliza\u00e7\u00e3o destas perdas no Plano de Contas \u00danico (PCASP).<\/p>\n\n\n\n<p>Veja um exemplo na figura abaixo<\/p>\n\n\n\n<div class=\"wp-block-image\"><figure class=\"aligncenter size-full\"><img loading=\"lazy\" decoding=\"async\" width=\"1002\" height=\"496\" src=\"https:\/\/www.fenix.com.br\/blogs\/wp-content\/uploads\/2021\/12\/aplicacao_lancam_perdas_21.png\" alt=\"\" class=\"wp-image-1399\" srcset=\"https:\/\/www.fenix.com.br\/blogs\/wp-content\/uploads\/2021\/12\/aplicacao_lancam_perdas_21.png 1002w, https:\/\/www.fenix.com.br\/blogs\/wp-content\/uploads\/2021\/12\/aplicacao_lancam_perdas_21-300x149.png 300w, https:\/\/www.fenix.com.br\/blogs\/wp-content\/uploads\/2021\/12\/aplicacao_lancam_perdas_21-768x380.png 768w, https:\/\/www.fenix.com.br\/blogs\/wp-content\/uploads\/2021\/12\/aplicacao_lancam_perdas_21-256x128.png 256w\" sizes=\"auto, (max-width: 1002px) 100vw, 1002px\" \/><figcaption>(tela com simula\u00e7\u00e3o de um lan\u00e7amento de perdas de aplica\u00e7\u00f5es)<\/figcaption><\/figure><\/div>\n\n\n\n<p>Agora, ao gerar o movimento do PCASP novamente, ser\u00e3o gerados todos os movimentos necess\u00e1rios para o fechamento das contas do Balancete de Verifica\u00e7\u00e3o.<br><br><strong>Embasamento Legal:<\/strong><\/p>\n\n\n\n<p><strong>IPC 14 &#8211; PROCEDIMENTOS CONT\u00c1BEIS RELATIVOS AOS RPPS<\/strong> &#8211; <strong>PAGINA 28<\/strong><br><\/p>\n\n\n\n<p><em>c. Quanto aos aspectos or\u00e7ament\u00e1rios, os ganhos podem ser reconhecidos or\u00e7amentariamente por meio de receita quando o investimento for realizado financeiramente. A receita or\u00e7ament\u00e1ria poder\u00e1 ser contabilizada de acordo com as classifica\u00e7\u00f5es por natureza da receita constantes no Ement\u00e1rio da Receita.<br>d. Ainda quanto aos aspectos or\u00e7ament\u00e1rios, as perdas n\u00e3o s\u00e3o reconhecidas or\u00e7amentariamente por meio de despesa. Ademais, inexiste classifica\u00e7\u00e3o or\u00e7ament\u00e1ria para estas perdas<br><\/em><\/p>\n\n\n\n<p><br><\/p>\n\n\n\n<p class=\"has-vivid-red-color has-text-color\"><\/p>\n\n\n\n<p><\/p>\n\n\n\n<p><\/p>\n","protected":false},"excerpt":{"rendered":"<p>Perdas com Aplica\u00e7\u00f5es Financeiras e Investimos dos RPPS e Outros \u00d3rg\u00e3os Na contabilidade os investimentos e aplica\u00e7\u00f5es financeiras recebem apenas tratamento financeiro, por isso, n\u00e3o constar\u00e3o na proposta Or\u00e7ament\u00e1ria, tratando-se de um registro cont\u00e1bil de troca de ativos financeiros, nos moldes da Resolu\u00e7\u00e3o do Conselho Monet\u00e1rio Nacional e&nbsp;Portaria MPS 916\/2003. Portanto s\u00e3o comuns as perdas&hellip;<\/p>\n","protected":false},"author":1,"featured_media":0,"comment_status":"closed","ping_status":"closed","sticky":false,"template":"","format":"standard","meta":{"footnotes":""},"categories":[2,11],"tags":[],"class_list":["post-747","post","type-post","status-publish","format-standard","hentry","category-contabilidade-publica","category-pcasp-plano-de-contas-unico-aplicado-ao-setor-publico"],"_links":{"self":[{"href":"https:\/\/www.fenix.com.br\/blogs\/wp-json\/wp\/v2\/posts\/747","targetHints":{"allow":["GET"]}}],"collection":[{"href":"https:\/\/www.fenix.com.br\/blogs\/wp-json\/wp\/v2\/posts"}],"about":[{"href":"https:\/\/www.fenix.com.br\/blogs\/wp-json\/wp\/v2\/types\/post"}],"author":[{"embeddable":true,"href":"https:\/\/www.fenix.com.br\/blogs\/wp-json\/wp\/v2\/users\/1"}],"replies":[{"embeddable":true,"href":"https:\/\/www.fenix.com.br\/blogs\/wp-json\/wp\/v2\/comments?post=747"}],"version-history":[{"count":15,"href":"https:\/\/www.fenix.com.br\/blogs\/wp-json\/wp\/v2\/posts\/747\/revisions"}],"predecessor-version":[{"id":1401,"href":"https:\/\/www.fenix.com.br\/blogs\/wp-json\/wp\/v2\/posts\/747\/revisions\/1401"}],"wp:attachment":[{"href":"https:\/\/www.fenix.com.br\/blogs\/wp-json\/wp\/v2\/media?parent=747"}],"wp:term":[{"taxonomy":"category","embeddable":true,"href":"https:\/\/www.fenix.com.br\/blogs\/wp-json\/wp\/v2\/categories?post=747"},{"taxonomy":"post_tag","embeddable":true,"href":"https:\/\/www.fenix.com.br\/blogs\/wp-json\/wp\/v2\/tags?post=747"}],"curies":[{"name":"wp","href":"https:\/\/api.w.org\/{rel}","templated":true}]}}