{"id":712,"date":"2020-05-15T10:43:35","date_gmt":"2020-05-15T13:43:35","guid":{"rendered":"https:\/\/www.fenix.com.br\/blogs\/?p=712"},"modified":"2021-07-23T10:51:40","modified_gmt":"2021-07-23T13:51:40","slug":"pcasp-orientacoes-quando-da-baixa-de-lancamentos-extras","status":"publish","type":"post","link":"https:\/\/www.fenix.com.br\/blogs\/pcasp-orientacoes-quando-da-baixa-de-lancamentos-extras\/","title":{"rendered":"PCASP &#8211; Orienta\u00e7\u00f5es quando da Baixa de lan\u00e7amentos Extras"},"content":{"rendered":"\n<p>Com a implementa\u00e7\u00e3o do&nbsp;<strong>Plano de Contas \u00danico &#8211; PCASP<\/strong>, o controle de Saldos Extraor\u00e7ament\u00e1rios dever\u00e3o seguir alguns procedimentos para que se possa efetuar o lan\u00e7amento de Baixas via&nbsp;<strong>Lan\u00e7amentos Extras e emiss\u00e3o de Ordens de Pagamento do tipo Previd\u00eancia Social-Recolhimento e Outras<\/strong>.<\/p>\n\n\n\n<p><strong>1&nbsp;<\/strong>&#8211; O&nbsp;<strong>Balan\u00e7o Geral do Exerc\u00edcio Anterior<\/strong>&nbsp;deve estar fechado, porque e dele que o&nbsp;<em><strong>Contab<\/strong><\/em>&nbsp;ir\u00e1 processar os&nbsp;<em>Saldos de Abertura das Contas<\/em>&nbsp;do&nbsp;<strong>Ativo<\/strong>&nbsp;e&nbsp;<strong>Passivo<\/strong>;<\/p>\n\n\n\n<p><strong>2&nbsp;<\/strong>&#8211; Com o Balan\u00e7o Geral do Exerc\u00edcio Anterior ok, deve-se&nbsp;<em><strong>Gerar o movimento do Plano de Contas \u00danico (PCASP)<\/strong><\/em>&nbsp;no Contab, em JANEIRO, para que os saldos de abertura das contas sejam trazidas para o Balancete de Verifica\u00e7\u00e3o;<\/p>\n\n\n\n<p><strong>3<\/strong>&nbsp;&#8211; A seguir o usu\u00e1rio dever\u00e1 efetuar todos os lan\u00e7amentos do m\u00eas, lan\u00e7amentos ditos Normais (<em>empenhos, Ordens de Pagamento, Receitas Or\u00e7ament\u00e1rias e Receitas Extras tamb\u00e9m<\/em>);<\/p>\n\n\n\n<p><strong>4<\/strong>&nbsp;&#8211; Agora dever\u00e1&nbsp;<em><strong>Gerar o movimento do Plano de Contas \u00danico (PCASP) novamente<\/strong><\/em>, para que o sistema totalize os valores de inscri\u00e7\u00e3o das contas;<\/p>\n\n\n\n<p><strong>5<\/strong>&nbsp;&#8211; A etapa agora, ser\u00e1 a da&nbsp;<em><strong>Emiss\u00e3o das Baixas<\/strong><\/em>, via Lan\u00e7amentos Extras e\/ou emiss\u00e3o de Ordens de Pagamento do tipo Previd\u00eancia Social-Recolhimento e Outras;<\/p>\n\n\n\n<p>Caso, ap\u00f3s a realiza\u00e7\u00e3o destes procedimentos acima o usu\u00e1rio&nbsp;<em>n\u00e3o tenha saldos das contas para serem baixados<\/em>, dever\u00e1 emitir, os relat\u00f3rios que constam do sistema&nbsp;<a href=\"https:\/\/www.fenix.com.br\/blogs\/gerencial-exportacoes-relatorios-e-pesquisas-gerenciais\/\">Contab &#8211; Gerencial (Relat\u00f3rios e Pesquisas Gerenciais)<\/a>&nbsp;,&nbsp;<em><strong>Ativo Realiz\u00e1vel (Lei 4.320\/64)<\/strong><\/em>, quando dando baixa nas contas do grupo&nbsp;<strong>1-Ativo<\/strong>, ou o&nbsp;<em><strong>Demonstrativo da D\u00edvida Flutuante (Lei 4.320\/64)<\/strong><\/em>, quando dando baixa nas contas do grupo&nbsp;<strong>2-Passivo<\/strong>.<\/p>\n\n\n\n<p><strong>*Aten\u00e7\u00e3o a seguinte situa\u00e7\u00e3o:<\/strong><\/p>\n\n\n\n<p>-Uso de contas cont\u00e1beis diferentes quando da Reten\u00e7\u00e3o (<em>descontos das Ordens de Pagamento<\/em>) com a emiss\u00e3o de Baixas (<em>via Lan\u00e7amentos Extras e\/ou emiss\u00e3o de Ordens de Pagamento do tipo Previd\u00eancia Social-Recolhimento e Outras<\/em>) . Esta situa\u00e7\u00e3o deve ser ajustada, caso o usu\u00e1rio tenha detectado este problema, segue abaixo um exemplo do uso correto da conta relativa ao INSS tanto na reten\u00e7\u00e3o, quanto no recolhimento.<\/p>\n\n\n\n<div class=\"wp-block-image\"><figure class=\"aligncenter size-full\"><img loading=\"lazy\" decoding=\"async\" width=\"955\" height=\"442\" src=\"https:\/\/www.fenix.com.br\/blogs\/wp-content\/uploads\/2021\/07\/Captura-de-tela-2021-07-23-104947.jpg\" alt=\"\" class=\"wp-image-1362\" srcset=\"https:\/\/www.fenix.com.br\/blogs\/wp-content\/uploads\/2021\/07\/Captura-de-tela-2021-07-23-104947.jpg 955w, https:\/\/www.fenix.com.br\/blogs\/wp-content\/uploads\/2021\/07\/Captura-de-tela-2021-07-23-104947-300x139.jpg 300w, https:\/\/www.fenix.com.br\/blogs\/wp-content\/uploads\/2021\/07\/Captura-de-tela-2021-07-23-104947-768x355.jpg 768w\" sizes=\"auto, (max-width: 955px) 100vw, 955px\" \/><figcaption><em>Exemplo de uma conta usada para as Reten\u00e7\u00f5es do INSS.<\/em><\/figcaption><\/figure><\/div>\n\n\n\n<p><\/p>\n\n\n\n<div class=\"wp-block-image\"><figure class=\"aligncenter size-full\"><img loading=\"lazy\" decoding=\"async\" width=\"962\" height=\"452\" src=\"https:\/\/www.fenix.com.br\/blogs\/wp-content\/uploads\/2021\/07\/Captura-de-tela-2021-07-23-105028.jpg\" alt=\"\" class=\"wp-image-1363\" srcset=\"https:\/\/www.fenix.com.br\/blogs\/wp-content\/uploads\/2021\/07\/Captura-de-tela-2021-07-23-105028.jpg 962w, https:\/\/www.fenix.com.br\/blogs\/wp-content\/uploads\/2021\/07\/Captura-de-tela-2021-07-23-105028-300x141.jpg 300w, https:\/\/www.fenix.com.br\/blogs\/wp-content\/uploads\/2021\/07\/Captura-de-tela-2021-07-23-105028-768x361.jpg 768w\" sizes=\"auto, (max-width: 962px) 100vw, 962px\" \/><figcaption><em>Exemplo de uma conta usada quando da emiss\u00e3o da Ordem de Pagamento Previd\u00eancia Social-Recolhimento.<\/em><\/figcaption><\/figure><\/div>\n\n\n\n<p><\/p>\n","protected":false},"excerpt":{"rendered":"<p>Com a implementa\u00e7\u00e3o do&nbsp;Plano de Contas \u00danico &#8211; PCASP, o controle de Saldos Extraor\u00e7ament\u00e1rios dever\u00e3o seguir alguns procedimentos para que se possa efetuar o lan\u00e7amento de Baixas via&nbsp;Lan\u00e7amentos Extras e emiss\u00e3o de Ordens de Pagamento do tipo Previd\u00eancia Social-Recolhimento e Outras. 1&nbsp;&#8211; O&nbsp;Balan\u00e7o Geral do Exerc\u00edcio Anterior&nbsp;deve estar fechado, porque e dele que o&nbsp;Contab&nbsp;ir\u00e1 processar&hellip;<\/p>\n","protected":false},"author":1,"featured_media":0,"comment_status":"closed","ping_status":"closed","sticky":false,"template":"","format":"standard","meta":{"footnotes":""},"categories":[2,11],"tags":[],"class_list":["post-712","post","type-post","status-publish","format-standard","hentry","category-contabilidade-publica","category-pcasp-plano-de-contas-unico-aplicado-ao-setor-publico"],"_links":{"self":[{"href":"https:\/\/www.fenix.com.br\/blogs\/wp-json\/wp\/v2\/posts\/712","targetHints":{"allow":["GET"]}}],"collection":[{"href":"https:\/\/www.fenix.com.br\/blogs\/wp-json\/wp\/v2\/posts"}],"about":[{"href":"https:\/\/www.fenix.com.br\/blogs\/wp-json\/wp\/v2\/types\/post"}],"author":[{"embeddable":true,"href":"https:\/\/www.fenix.com.br\/blogs\/wp-json\/wp\/v2\/users\/1"}],"replies":[{"embeddable":true,"href":"https:\/\/www.fenix.com.br\/blogs\/wp-json\/wp\/v2\/comments?post=712"}],"version-history":[{"count":6,"href":"https:\/\/www.fenix.com.br\/blogs\/wp-json\/wp\/v2\/posts\/712\/revisions"}],"predecessor-version":[{"id":1364,"href":"https:\/\/www.fenix.com.br\/blogs\/wp-json\/wp\/v2\/posts\/712\/revisions\/1364"}],"wp:attachment":[{"href":"https:\/\/www.fenix.com.br\/blogs\/wp-json\/wp\/v2\/media?parent=712"}],"wp:term":[{"taxonomy":"category","embeddable":true,"href":"https:\/\/www.fenix.com.br\/blogs\/wp-json\/wp\/v2\/categories?post=712"},{"taxonomy":"post_tag","embeddable":true,"href":"https:\/\/www.fenix.com.br\/blogs\/wp-json\/wp\/v2\/tags?post=712"}],"curies":[{"name":"wp","href":"https:\/\/api.w.org\/{rel}","templated":true}]}}